{"id":8021,"date":"2024-09-20T15:25:52","date_gmt":"2024-09-20T15:25:52","guid":{"rendered":"https:\/\/fanzine.pt\/2024\/09\/20\/alpiarca-fanzine-and-comic-book-festival-2nd-edition\/"},"modified":"2025-05-25T22:13:10","modified_gmt":"2025-05-25T22:13:10","slug":"alpiarca-fanzine-and-comic-book-festival-2nd-edition","status":"publish","type":"post","link":"https:\/\/fanzine.pt\/en\/2024\/09\/20\/alpiarca-fanzine-and-comic-book-festival-2nd-edition\/","title":{"rendered":"Alpiar\u00e7a Fanzine and Comic Book Festival | 2nd Edition"},"content":{"rendered":"<div class=\"fusion-fullwidth fullwidth-box fusion-builder-row-1 fusion-flex-container nonhundred-percent-fullwidth non-hundred-percent-height-scrolling\" style=\"--awb-border-radius-top-left:0px;--awb-border-radius-top-right:0px;--awb-border-radius-bottom-right:0px;--awb-border-radius-bottom-left:0px;--awb-padding-top:4%;--awb-padding-bottom:4%;--awb-margin-top:-100px;--awb-background-color:var(--awb-color1);--awb-flex-wrap:wrap;\" ><div class=\"fusion-builder-row fusion-row fusion-flex-align-items-flex-start fusion-flex-justify-content-center fusion-flex-content-wrap\" style=\"max-width:calc( 1200px + 0px );margin-left: calc(-0px \/ 2 );margin-right: calc(-0px \/ 2 );\"><div class=\"fusion-layout-column fusion_builder_column fusion-builder-column-0 fusion_builder_column_2_3 2_3 fusion-flex-column\" style=\"--awb-padding-top:0px;--awb-padding-right:0px;--awb-padding-bottom:0px;--awb-padding-left:0px;--awb-bg-size:cover;--awb-width-large:66.666666666667%;--awb-margin-top-large:0px;--awb-spacing-right-large:0px;--awb-margin-bottom-large:20px;--awb-spacing-left-large:0px;--awb-width-medium:66.666666666667%;--awb-order-medium:0;--awb-spacing-right-medium:0px;--awb-spacing-left-medium:0px;--awb-width-small:100%;--awb-order-small:0;--awb-spacing-right-small:0px;--awb-spacing-left-small:0px;\"><div class=\"fusion-column-wrapper fusion-column-has-shadow fusion-flex-justify-content-flex-start fusion-content-layout-column\"><div class=\"fusion-title title fusion-title-1 fusion-sep-none fusion-title-center fusion-title-text fusion-title-size-one\"><h1 class=\"fusion-title-heading title-heading-center\" style=\"margin:0;text-transform:uppercase;\">Alpiar\u00e7a Fanzine and Comic Book Festival | 2nd Edition<\/h1><\/div><div class=\"fusion-text fusion-text-1\" style=\"--awb-content-alignment:center;--awb-font-size:var(--awb-typography2-font-size);--awb-line-height:var(--awb-typography2-line-height);--awb-letter-spacing:var(--awb-typography2-letter-spacing);--awb-text-transform:var(--awb-typography2-text-transform);--awb-text-font-family:var(--awb-typography2-font-family);--awb-text-font-weight:var(--awb-typography2-font-weight);--awb-text-font-style:var(--awb-typography2-font-style);\"><p><strong>Date:<\/strong> September 20 to 22, 2024<\/p>\n<\/div><div class=\"fusion-separator\" style=\"align-self: center;margin-left: auto;margin-right: auto;margin-top:0px;margin-bottom:20px;width:100%;max-width:32px;\"><div class=\"fusion-separator-border sep-single sep-solid\" style=\"--awb-height:20px;--awb-amount:20px;--awb-sep-color:var(--awb-color8);border-color:var(--awb-color8);border-top-width:2px;\"><\/div><\/div><div class=\"fusion-image-element \" style=\"--awb-margin-bottom:0px;--awb-caption-title-font-family:var(--h2_typography-font-family);--awb-caption-title-font-weight:var(--h2_typography-font-weight);--awb-caption-title-font-style:var(--h2_typography-font-style);--awb-caption-title-size:var(--h2_typography-font-size);--awb-caption-title-transform:var(--h2_typography-text-transform);--awb-caption-title-line-height:var(--h2_typography-line-height);--awb-caption-title-letter-spacing:var(--h2_typography-letter-spacing);\"><span class=\" fusion-imageframe imageframe-none imageframe-1 hover-type-none\" style=\"border:2px solid var(--awb-color3);\"><img decoding=\"async\" width=\"1080\" height=\"503\" title=\"BMA_festival_fanzines_bd_alpiarca_banner_2024_2\" src=\"https:\/\/fanzine.pt\/wp-content\/uploads\/2024\/09\/BMA_festival_fanzines_bd_alpiarca_banner_2024_2.png\" alt class=\"img-responsive wp-image-6641\" srcset=\"https:\/\/fanzine.pt\/wp-content\/uploads\/2024\/09\/BMA_festival_fanzines_bd_alpiarca_banner_2024_2-200x93.png 200w, https:\/\/fanzine.pt\/wp-content\/uploads\/2024\/09\/BMA_festival_fanzines_bd_alpiarca_banner_2024_2-400x186.png 400w, https:\/\/fanzine.pt\/wp-content\/uploads\/2024\/09\/BMA_festival_fanzines_bd_alpiarca_banner_2024_2-600x279.png 600w, https:\/\/fanzine.pt\/wp-content\/uploads\/2024\/09\/BMA_festival_fanzines_bd_alpiarca_banner_2024_2-800x373.png 800w, https:\/\/fanzine.pt\/wp-content\/uploads\/2024\/09\/BMA_festival_fanzines_bd_alpiarca_banner_2024_2.png 1080w\" sizes=\"(max-width: 640px) 100vw, 1080px\" \/><\/span><\/div><div class=\"fusion-sharing-box fusion-sharing-box-1 has-taglines layout-floated layout-medium-floated layout-small-stacked\" style=\"background-color:var(--awb-color2);border-color:#cccccc;--awb-margin-top:0px;--awb-separator-border-color:#cccccc;--awb-separator-border-sizes:0px;--awb-layout:row;--awb-alignment-small:space-between;--awb-stacked-align-small:center;\" data-title=\"Alpiar\u00e7a Fanzine and Comic Book Festival | 2nd Edition\" data-description=\"Fanzine Fotocromia Date: September 20 to 22, 2024  \r\n\r\nIn this 2nd edition of the Alpiar\u00e7a Fanzine and Comic Book Festival, following the example of the 2023 edition, initiatives revolving around the Fanzineteca of the Alpiar\u00e7a Municipal Library will continue. This project is led by the comic book author from Alpiar\u00e7a, M\u00e1rio Andr\u00e9, maintaining\" data-link=\"https:\/\/fanzine.pt\/en\/2024\/09\/20\/alpiarca-fanzine-and-comic-book-festival-2nd-edition\/\"><h4 class=\"tagline\" style=\"color:#727272;\">Share this news<\/h4><div class=\"fusion-social-networks sharingbox-shortcode-icon-wrapper sharingbox-shortcode-icon-wrapper-1\"><span><a href=\"https:\/\/www.facebook.com\/sharer.php?u=https%3A%2F%2Ffanzine.pt%2Fen%2F2024%2F09%2F20%2Falpiarca-fanzine-and-comic-book-festival-2nd-edition%2F&amp;t=Alpiar%C3%A7a%20Fanzine%20and%20Comic%20Book%20Festival%20%7C%202nd%20Edition\" target=\"_blank\" rel=\"noreferrer\" title=\"Facebook\" aria-label=\"Facebook\"><i class=\"fusion-social-network-icon fusion-tooltip fusion-facebook awb-icon-facebook\" style=\"color:#727272;\" aria-hidden=\"true\"><\/i><\/a><\/span><span><a href=\"https:\/\/x.com\/intent\/post?text=Alpiar%C3%A7a%20Fanzine%20and%20Comic%20Book%20Festival%20%7C%202nd%20Edition&amp;url=https%3A%2F%2Ffanzine.pt%2Fen%2F2024%2F09%2F20%2Falpiarca-fanzine-and-comic-book-festival-2nd-edition%2F\" target=\"_blank\" rel=\"noopener noreferrer\" title=\"X\" aria-label=\"X\"><i class=\"fusion-social-network-icon fusion-tooltip fusion-twitter awb-icon-twitter\" style=\"color:#727272;\" aria-hidden=\"true\"><\/i><\/a><\/span><span><a href=\"https:\/\/www.linkedin.com\/shareArticle?mini=true&amp;url=https%3A%2F%2Ffanzine.pt%2Fen%2F2024%2F09%2F20%2Falpiarca-fanzine-and-comic-book-festival-2nd-edition%2F&amp;title=Alpiar%C3%A7a%20Fanzine%20and%20Comic%20Book%20Festival%20%7C%202nd%20Edition&amp;summary=Fanzine%20Fotocromia%20Date%3A%20September%2020%20to%2022%2C%202024%20%20%20%0D%0A%0D%0AIn%20this%202nd%20edition%20of%20the%20Alpiar%C3%A7a%20Fanzine%20and%20Comic%20Book%20Festival%2C%20following%20the%20example%20of%20the%202023%20edition%2C%20initiatives%20revolving%20around%20the%20Fanzineteca%20of%20the%20Alpiar%C3%A7a%20Municipal%20Library%20will%20continue.%20This%20project%20is%20led%20by%20the%20comic%20book%20author%20from%20Alpiar%C3%A7a%2C%20M%C3%A1rio%20Andr%C3%A9%2C%20maintaining\" target=\"_blank\" rel=\"noopener noreferrer\" title=\"LinkedIn\" aria-label=\"LinkedIn\"><i class=\"fusion-social-network-icon fusion-tooltip fusion-linkedin awb-icon-linkedin\" style=\"color:#727272;\" aria-hidden=\"true\"><\/i><\/a><\/span><span><a href=\"https:\/\/api.whatsapp.com\/send?text=https%3A%2F%2Ffanzine.pt%2Fen%2F2024%2F09%2F20%2Falpiarca-fanzine-and-comic-book-festival-2nd-edition%2F\" target=\"_blank\" rel=\"noopener noreferrer\" title=\"WhatsApp\" aria-label=\"WhatsApp\"><i class=\"fusion-social-network-icon fusion-tooltip fusion-whatsapp awb-icon-whatsapp\" style=\"color:#727272;\" aria-hidden=\"true\"><\/i><\/a><\/span><span><a href=\"https:\/\/t.me\/share\/url?url=https%3A%2F%2Ffanzine.pt%2Fen%2F2024%2F09%2F20%2Falpiarca-fanzine-and-comic-book-festival-2nd-edition%2F&amp;text=Alpiar%C3%A7a%20Fanzine%20and%20Comic%20Book%20Festival%20%7C%202nd%20Edition\" target=\"_blank\" rel=\"noopener noreferrer\" title=\"Telegram\" aria-label=\"Telegram\"><i class=\"fusion-social-network-icon fusion-tooltip fusion-telegram awb-icon-telegram\" style=\"color:#727272;\" aria-hidden=\"true\"><\/i><\/a><\/span><span><a href=\"https:\/\/pinterest.com\/pin\/create\/button\/?url=https%3A%2F%2Ffanzine.pt%2Fen%2F2024%2F09%2F20%2Falpiarca-fanzine-and-comic-book-festival-2nd-edition%2F&amp;description=Fanzine%20Fotocromia%20Date%3A%20September%2020%20to%2022%2C%202024%20%20%20%0D%0A%0D%0AIn%20this%202nd%20edition%20of%20the%20Alpiar%C3%A7a%20Fanzine%20and%20Comic%20Book%20Festival%2C%20following%20the%20example%20of%20the%202023%20edition%2C%20initiatives%20revolving%20around%20the%20Fanzineteca%20of%20the%20Alpiar%C3%A7a%20Municipal%20Library%20will%20continue.%20This%20project%20is%20led%20by%20the%20comic%20book%20author%20from%20Alpiar%C3%A7a%2C%20M%C3%A1rio%20Andr%C3%A9%2C%20maintaining&amp;media=\" target=\"_blank\" rel=\"noopener noreferrer\" title=\"Pinterest\" aria-label=\"Pinterest\"><i class=\"fusion-social-network-icon fusion-tooltip fusion-pinterest awb-icon-pinterest\" style=\"color:#727272;\" aria-hidden=\"true\"><\/i><\/a><\/span><span><a href=\"mailto:?subject=Alpiar%C3%A7a%20Fanzine%20and%20Comic%20Book%20Festival%20%7C%202nd%20Edition&amp;body=https%3A%2F%2Ffanzine.pt%2Fen%2F2024%2F09%2F20%2Falpiarca-fanzine-and-comic-book-festival-2nd-edition%2F\" target=\"_self\" title=\"Email\" aria-label=\"Email\"><i class=\"fusion-social-network-icon fusion-tooltip fusion-mail awb-icon-mail\" style=\"color:#727272;\" aria-hidden=\"true\"><\/i><\/a><\/span><\/div><\/div>\n<div class=\"fusion-text fusion-text-2\" style=\"--awb-text-transform:none;--awb-margin-top:50px;\"><p>In this 2nd edition of the Alpiar\u00e7a Fanzine and Comic Book Festival, following the example of the 2023 edition, initiatives revolving around the Fanzineteca of the Alpiar\u00e7a Municipal Library will continue. This project is led by the comic book author from Alpiar\u00e7a, M\u00e1rio Andr\u00e9, maintaining a distinctive offering in the region concerning comic art. The Alpiar\u00e7a City Council once again invited the Tent\u00e1culo Association, based in Carnaxide, as a partner in organizing this event, which will take place in September 2024 from the 20th to the 22nd. The main day of the event will be Saturday the 21st, featuring workshops, presentations, launches, a book market, and an illustrated concert. <\/p>\n<p>The main venue of the festival will again be the Alpiar\u00e7a Municipal Market, where various collective artistic projects in the fields of comic books and national fanzines will be presented, along with exhibitions, workshops, book and fanzine launches, and a book market where comic albums, fanzines, and other alternative books can be purchased. At the end of the day on September 22, there will be an illustrated concert open to everyone who wishes to illustrate live music.<\/p>\n<p>At the Dr. Herm\u00ednio Duarte Paci\u00eancia Alpiar\u00e7a Municipal Library, exhibitions and workshops will be organized. At Casa dos Patudos \u2013 Alpiar\u00e7a Museum, a large exhibition dedicated to the 9th Art and national fanzines will be on display. <\/p>\n<p>The festival organizers also created a short comic story contest aimed at all young residents in Portugal, which will result in an exhibition and the publication of the Alpiar\u00e7a comic fanzine titled \u201cAlzine.\u201d With three prizes, a collective exhibition, and the possibility of publication in the fanzine, the organizers hope to encourage young people to participate and invest in developing their technical and artistic skills in producing graphic narratives.<\/p>\n<\/div><div class=\"fusion-title title fusion-title-2 fusion-sep-none fusion-title-text fusion-title-size-two\" style=\"--awb-margin-top:60px;--awb-margin-bottom:10px;--awb-margin-top-small:60px;--awb-font-size:16px;\"><h2 class=\"fusion-title-heading title-heading-left\" style=\"margin:0;font-size:1em;\">Event poster:<\/h2><\/div><div class=\"fusion-builder-row fusion-builder-row-inner fusion-row fusion-flex-align-items-flex-start fusion-flex-justify-content-center fusion-flex-content-wrap\" style=\"width:calc( 100% + 0px ) !important;max-width:calc( 100% + 0px ) !important;margin-left: calc(-0px \/ 2 );margin-right: calc(-0px \/ 2 );\"><div class=\"fusion-layout-column fusion_builder_column_inner fusion-builder-nested-column-0 fusion_builder_column_inner_1_2 1_2 fusion-flex-column\" style=\"--awb-bg-size:cover;--awb-width-large:50%;--awb-margin-top-large:0px;--awb-spacing-right-large:calc( 0.04 * calc( 100% - 0px ) );--awb-margin-bottom-large:20px;--awb-spacing-left-large:0px;--awb-width-medium:50%;--awb-order-medium:0;--awb-spacing-right-medium:calc( 0.04 * calc( 100% - 0px ) );--awb-spacing-left-medium:0px;--awb-width-small:100%;--awb-order-small:0;--awb-spacing-right-small:0px;--awb-spacing-left-small:0px;\" data-scroll-devices=\"small-visibility,medium-visibility,large-visibility\"><div class=\"fusion-column-wrapper fusion-column-has-shadow fusion-flex-justify-content-flex-start fusion-content-layout-column\"><div class=\"fusion-image-element \" style=\"--awb-margin-bottom:0px;--awb-margin-bottom-medium:0px;--awb-margin-bottom-small:0px;--awb-caption-title-font-family:var(--h2_typography-font-family);--awb-caption-title-font-weight:var(--h2_typography-font-weight);--awb-caption-title-font-style:var(--h2_typography-font-style);--awb-caption-title-size:var(--h2_typography-font-size);--awb-caption-title-transform:var(--h2_typography-text-transform);--awb-caption-title-line-height:var(--h2_typography-line-height);--awb-caption-title-letter-spacing:var(--h2_typography-letter-spacing);\"><span class=\" fusion-imageframe imageframe-none imageframe-2 hover-type-none\"><a href=\"https:\/\/fanzine.pt\/wp-content\/uploads\/2024\/09\/BMA_cartaz_A3_Festival_Fanzines_2024_680_2.png\" class=\"fusion-lightbox\" data-rel=\"iLightbox[lightbox-cartaz]\" data-title=\"BMA_cartaz_A3_Festival_Fanzines_2024_680_2\" title=\"BMA_cartaz_A3_Festival_Fanzines_2024_680_2\"><img decoding=\"async\" width=\"1080\" height=\"1528\" src=\"https:\/\/fanzine.pt\/wp-content\/uploads\/2024\/09\/BMA_cartaz_A3_Festival_Fanzines_2024_680_2.png\" alt class=\"img-responsive wp-image-6639\" srcset=\"https:\/\/fanzine.pt\/wp-content\/uploads\/2024\/09\/BMA_cartaz_A3_Festival_Fanzines_2024_680_2-200x283.png 200w, https:\/\/fanzine.pt\/wp-content\/uploads\/2024\/09\/BMA_cartaz_A3_Festival_Fanzines_2024_680_2-400x566.png 400w, https:\/\/fanzine.pt\/wp-content\/uploads\/2024\/09\/BMA_cartaz_A3_Festival_Fanzines_2024_680_2-600x849.png 600w, https:\/\/fanzine.pt\/wp-content\/uploads\/2024\/09\/BMA_cartaz_A3_Festival_Fanzines_2024_680_2-800x1132.png 800w, https:\/\/fanzine.pt\/wp-content\/uploads\/2024\/09\/BMA_cartaz_A3_Festival_Fanzines_2024_680_2.png 1080w\" sizes=\"(max-width: 640px) 100vw, 800px\" \/><\/a><\/span><\/div><\/div><\/div><div class=\"fusion-layout-column fusion_builder_column_inner fusion-builder-nested-column-1 fusion_builder_column_inner_1_2 1_2 fusion-flex-column\" style=\"--awb-bg-size:cover;--awb-width-large:50%;--awb-margin-top-large:0px;--awb-spacing-right-large:0px;--awb-margin-bottom-large:20px;--awb-spacing-left-large:calc( 0.04 * calc( 100% - 0px ) );--awb-width-medium:50%;--awb-order-medium:0;--awb-spacing-right-medium:0px;--awb-spacing-left-medium:calc( 0.04 * calc( 100% - 0px ) );--awb-width-small:100%;--awb-order-small:0;--awb-spacing-right-small:0px;--awb-spacing-left-small:0px;\" data-scroll-devices=\"small-visibility,medium-visibility,large-visibility\"><div class=\"fusion-column-wrapper fusion-column-has-shadow fusion-flex-justify-content-flex-start fusion-content-layout-column\"><\/div><\/div><\/div><div class=\"fusion-separator fusion-full-width-sep\" style=\"align-self: center;margin-left: auto;margin-right: auto;margin-top:6%;margin-bottom:6%;width:100%;\"><div class=\"fusion-separator-border sep-double sep-solid\" style=\"--awb-height:20px;--awb-amount:20px;border-color:var(--awb-color3);border-top-width:1px;border-bottom-width:1px;\"><\/div><\/div><\/div><\/div><div class=\"fusion-layout-column fusion_builder_column fusion-builder-column-1 fusion_builder_column_2_3 2_3 fusion-flex-column\" style=\"--awb-bg-size:cover;--awb-width-large:66.666666666667%;--awb-margin-top-large:0px;--awb-spacing-right-large:0px;--awb-margin-bottom-large:20px;--awb-spacing-left-large:0px;--awb-width-medium:66.666666666667%;--awb-order-medium:0;--awb-spacing-right-medium:0px;--awb-spacing-left-medium:0px;--awb-width-small:100%;--awb-order-small:0;--awb-spacing-right-small:0px;--awb-spacing-left-small:0px;\"><div class=\"fusion-column-wrapper fusion-column-has-shadow fusion-flex-justify-content-flex-start fusion-content-layout-column\"><div class=\"fusion-separator fusion-full-width-sep\" style=\"align-self: center;margin-left: auto;margin-right: auto;margin-top:10px;margin-bottom:10px;width:100%;\"><\/div><div style=\"text-align:center;\"><a class=\"fusion-button button-flat fusion-button-default-size button-default fusion-button-default button-1 fusion-button-default-span fusion-button-default-type\" target=\"_blank\" rel=\"noopener noreferrer\" href=\"https:\/\/www.alpiarca.pt\/bma\/index.php\/componente-favoritos\/atividades\/2024\/596-programa-festival-de-fanzines-e-bd-de-alpiarca-2-ed\"><span class=\"fusion-button-text awb-button__text awb-button__text--default\">Full Program<\/span><\/a><\/div><\/div><\/div><\/div><\/div>\n","protected":false},"excerpt":{"rendered":"<p>In this 2nd edition of the Alpiar\u00e7a Fanzine and Comic Book Festival, similarly to the 2023 edition<\/p>\n","protected":false},"author":1,"featured_media":6644,"comment_status":"open","ping_status":"closed","sticky":false,"template":"","format":"standard","meta":{"footnotes":""},"categories":[1],"tags":[],"class_list":["post-8021","post","type-post","status-publish","format-standard","has-post-thumbnail","hentry","category-sem-categoria"],"_links":{"self":[{"href":"https:\/\/fanzine.pt\/en\/wp-json\/wp\/v2\/posts\/8021","targetHints":{"allow":["GET"]}}],"collection":[{"href":"https:\/\/fanzine.pt\/en\/wp-json\/wp\/v2\/posts"}],"about":[{"href":"https:\/\/fanzine.pt\/en\/wp-json\/wp\/v2\/types\/post"}],"author":[{"embeddable":true,"href":"https:\/\/fanzine.pt\/en\/wp-json\/wp\/v2\/users\/1"}],"replies":[{"embeddable":true,"href":"https:\/\/fanzine.pt\/en\/wp-json\/wp\/v2\/comments?post=8021"}],"version-history":[{"count":2,"href":"https:\/\/fanzine.pt\/en\/wp-json\/wp\/v2\/posts\/8021\/revisions"}],"predecessor-version":[{"id":8023,"href":"https:\/\/fanzine.pt\/en\/wp-json\/wp\/v2\/posts\/8021\/revisions\/8023"}],"wp:featuredmedia":[{"embeddable":true,"href":"https:\/\/fanzine.pt\/en\/wp-json\/wp\/v2\/media\/6644"}],"wp:attachment":[{"href":"https:\/\/fanzine.pt\/en\/wp-json\/wp\/v2\/media?parent=8021"}],"wp:term":[{"taxonomy":"category","embeddable":true,"href":"https:\/\/fanzine.pt\/en\/wp-json\/wp\/v2\/categories?post=8021"},{"taxonomy":"post_tag","embeddable":true,"href":"https:\/\/fanzine.pt\/en\/wp-json\/wp\/v2\/tags?post=8021"}],"curies":[{"name":"wp","href":"https:\/\/api.w.org\/{rel}","templated":true}]}}