{"id":8006,"date":"2024-06-24T13:59:59","date_gmt":"2024-06-24T13:59:59","guid":{"rendered":"https:\/\/fanzine.pt\/2024\/06\/24\/zine-talks\/"},"modified":"2025-05-25T21:59:01","modified_gmt":"2025-05-25T21:59:01","slug":"zine-talks","status":"publish","type":"post","link":"https:\/\/fanzine.pt\/en\/2024\/06\/24\/zine-talks\/","title":{"rendered":"Zine Talks"},"content":{"rendered":"<div class=\"fusion-fullwidth fullwidth-box fusion-builder-row-1 fusion-flex-container nonhundred-percent-fullwidth non-hundred-percent-height-scrolling\" style=\"--awb-border-radius-top-left:0px;--awb-border-radius-top-right:0px;--awb-border-radius-bottom-right:0px;--awb-border-radius-bottom-left:0px;--awb-padding-top:4%;--awb-padding-bottom:4%;--awb-margin-top:-100px;--awb-background-color:var(--awb-color1);--awb-flex-wrap:wrap;\" ><div class=\"fusion-builder-row fusion-row fusion-flex-align-items-flex-start fusion-flex-justify-content-center fusion-flex-content-wrap\" style=\"max-width:calc( 1200px + 0px );margin-left: calc(-0px \/ 2 );margin-right: calc(-0px \/ 2 );\"><div class=\"fusion-layout-column fusion_builder_column fusion-builder-column-0 fusion_builder_column_2_3 2_3 fusion-flex-column\" style=\"--awb-padding-top:0px;--awb-padding-right:0px;--awb-padding-bottom:0px;--awb-padding-left:0px;--awb-bg-size:cover;--awb-width-large:66.666666666667%;--awb-margin-top-large:0px;--awb-spacing-right-large:0px;--awb-margin-bottom-large:20px;--awb-spacing-left-large:0px;--awb-width-medium:66.666666666667%;--awb-order-medium:0;--awb-spacing-right-medium:0px;--awb-spacing-left-medium:0px;--awb-width-small:100%;--awb-order-small:0;--awb-spacing-right-small:0px;--awb-spacing-left-small:0px;\"><div class=\"fusion-column-wrapper fusion-column-has-shadow fusion-flex-justify-content-flex-start fusion-content-layout-column\"><div class=\"fusion-title title fusion-title-1 fusion-sep-none fusion-title-center fusion-title-text fusion-title-size-one\"><h1 class=\"fusion-title-heading title-heading-center\" style=\"margin:0;text-transform:uppercase;\">Zine Talks<\/h1><\/div><div class=\"fusion-text fusion-text-1\" style=\"--awb-content-alignment:center;--awb-font-size:var(--awb-typography2-font-size);--awb-line-height:var(--awb-typography2-line-height);--awb-letter-spacing:var(--awb-typography2-letter-spacing);--awb-text-transform:var(--awb-typography2-text-transform);--awb-text-font-family:var(--awb-typography2-font-family);--awb-text-font-weight:var(--awb-typography2-font-weight);--awb-text-font-style:var(--awb-typography2-font-style);\"><p><strong>Date:<\/strong> June 24 to June 27, 2024<\/p>\n<\/div><div class=\"fusion-separator\" style=\"align-self: center;margin-left: auto;margin-right: auto;margin-top:0px;margin-bottom:20px;width:100%;max-width:32px;\"><div class=\"fusion-separator-border sep-single sep-solid\" style=\"--awb-height:20px;--awb-amount:20px;--awb-sep-color:var(--awb-color8);border-color:var(--awb-color8);border-top-width:2px;\"><\/div><\/div><div class=\"fusion-image-element \" style=\"--awb-margin-bottom:0px;--awb-caption-title-font-family:var(--h2_typography-font-family);--awb-caption-title-font-weight:var(--h2_typography-font-weight);--awb-caption-title-font-style:var(--h2_typography-font-style);--awb-caption-title-size:var(--h2_typography-font-size);--awb-caption-title-transform:var(--h2_typography-text-transform);--awb-caption-title-line-height:var(--h2_typography-line-height);--awb-caption-title-letter-spacing:var(--h2_typography-letter-spacing);\"><span class=\" fusion-imageframe imageframe-none imageframe-1 hover-type-none\"><img decoding=\"async\" width=\"1201\" height=\"629\" title=\"Artboard 23 copy\" src=\"https:\/\/fanzine.pt\/wp-content\/uploads\/2025\/04\/Artboard-23-copy.png\" alt class=\"img-responsive wp-image-7456\" srcset=\"https:\/\/fanzine.pt\/wp-content\/uploads\/2025\/04\/Artboard-23-copy-200x105.png 200w, https:\/\/fanzine.pt\/wp-content\/uploads\/2025\/04\/Artboard-23-copy-400x209.png 400w, https:\/\/fanzine.pt\/wp-content\/uploads\/2025\/04\/Artboard-23-copy-600x314.png 600w, https:\/\/fanzine.pt\/wp-content\/uploads\/2025\/04\/Artboard-23-copy-800x419.png 800w, https:\/\/fanzine.pt\/wp-content\/uploads\/2025\/04\/Artboard-23-copy.png 1201w\" sizes=\"(max-width: 640px) 100vw, 1201px\" \/><\/span><\/div><div class=\"fusion-sharing-box fusion-sharing-box-1 has-taglines layout-floated layout-medium-floated layout-small-stacked\" style=\"background-color:var(--awb-color2);border-color:#cccccc;--awb-margin-top:0px;--awb-separator-border-color:#cccccc;--awb-separator-border-sizes:0px;--awb-layout:row;--awb-alignment-small:space-between;--awb-stacked-align-small:center;\" data-title=\"Zine Talks\" data-description=\"Fanzine Fotocromia \r\n\r\nDate: June 24 to June 27, 2024  \r\n\r\nZine Talks is a series of 4 conversations about fanzines and alternative publishing, integrated into Zine City \u2013 Independent Publishing and Fanzine Gathering 2024.\r\n\r\nThese events were part of the cultural program of the 48th Aveiro Book Fair in 2024, responding to a segment of\" data-link=\"https:\/\/fanzine.pt\/en\/2024\/06\/24\/zine-talks\/\"><h4 class=\"tagline\" style=\"color:#727272;\">Share this news<\/h4><div class=\"fusion-social-networks sharingbox-shortcode-icon-wrapper sharingbox-shortcode-icon-wrapper-1\"><span><a href=\"https:\/\/www.facebook.com\/sharer.php?u=https%3A%2F%2Ffanzine.pt%2Fen%2F2024%2F06%2F24%2Fzine-talks%2F&amp;t=Zine%20Talks\" target=\"_blank\" rel=\"noreferrer\" title=\"Facebook\" aria-label=\"Facebook\"><i class=\"fusion-social-network-icon fusion-tooltip fusion-facebook awb-icon-facebook\" style=\"color:#727272;\" aria-hidden=\"true\"><\/i><\/a><\/span><span><a href=\"https:\/\/x.com\/intent\/post?text=Zine%20Talks&amp;url=https%3A%2F%2Ffanzine.pt%2Fen%2F2024%2F06%2F24%2Fzine-talks%2F\" target=\"_blank\" rel=\"noopener noreferrer\" title=\"X\" aria-label=\"X\"><i class=\"fusion-social-network-icon fusion-tooltip fusion-twitter awb-icon-twitter\" style=\"color:#727272;\" aria-hidden=\"true\"><\/i><\/a><\/span><span><a href=\"https:\/\/www.linkedin.com\/shareArticle?mini=true&amp;url=https%3A%2F%2Ffanzine.pt%2Fen%2F2024%2F06%2F24%2Fzine-talks%2F&amp;title=Zine%20Talks&amp;summary=Fanzine%20Fotocromia%20%0D%0A%0D%0ADate%3A%20June%2024%20to%20June%2027%2C%202024%20%20%20%0D%0A%0D%0AZine%20Talks%20is%20a%20series%20of%204%20conversations%20about%20fanzines%20and%20alternative%20publishing%2C%20integrated%20into%20Zine%20City%20%E2%80%93%20Independent%20Publishing%20and%20Fanzine%20Gathering%202024.%0D%0A%0D%0AThese%20events%20were%20part%20of%20the%20cultural%20program%20of%20the%2048th%20Aveiro%20Book%20Fair%20in%202024%2C%20responding%20to%20a%20segment%20of\" target=\"_blank\" rel=\"noopener noreferrer\" title=\"LinkedIn\" aria-label=\"LinkedIn\"><i class=\"fusion-social-network-icon fusion-tooltip fusion-linkedin awb-icon-linkedin\" style=\"color:#727272;\" aria-hidden=\"true\"><\/i><\/a><\/span><span><a href=\"https:\/\/api.whatsapp.com\/send?text=https%3A%2F%2Ffanzine.pt%2Fen%2F2024%2F06%2F24%2Fzine-talks%2F\" target=\"_blank\" rel=\"noopener noreferrer\" title=\"WhatsApp\" aria-label=\"WhatsApp\"><i class=\"fusion-social-network-icon fusion-tooltip fusion-whatsapp awb-icon-whatsapp\" style=\"color:#727272;\" aria-hidden=\"true\"><\/i><\/a><\/span><span><a href=\"https:\/\/t.me\/share\/url?url=https%3A%2F%2Ffanzine.pt%2Fen%2F2024%2F06%2F24%2Fzine-talks%2F&amp;text=Zine%20Talks\" target=\"_blank\" rel=\"noopener noreferrer\" title=\"Telegram\" aria-label=\"Telegram\"><i class=\"fusion-social-network-icon fusion-tooltip fusion-telegram awb-icon-telegram\" style=\"color:#727272;\" aria-hidden=\"true\"><\/i><\/a><\/span><span><a href=\"https:\/\/pinterest.com\/pin\/create\/button\/?url=https%3A%2F%2Ffanzine.pt%2Fen%2F2024%2F06%2F24%2Fzine-talks%2F&amp;description=Fanzine%20Fotocromia%20%0D%0A%0D%0ADate%3A%20June%2024%20to%20June%2027%2C%202024%20%20%20%0D%0A%0D%0AZine%20Talks%20is%20a%20series%20of%204%20conversations%20about%20fanzines%20and%20alternative%20publishing%2C%20integrated%20into%20Zine%20City%20%E2%80%93%20Independent%20Publishing%20and%20Fanzine%20Gathering%202024.%0D%0A%0D%0AThese%20events%20were%20part%20of%20the%20cultural%20program%20of%20the%2048th%20Aveiro%20Book%20Fair%20in%202024%2C%20responding%20to%20a%20segment%20of&amp;media=\" target=\"_blank\" rel=\"noopener noreferrer\" title=\"Pinterest\" aria-label=\"Pinterest\"><i class=\"fusion-social-network-icon fusion-tooltip fusion-pinterest awb-icon-pinterest\" style=\"color:#727272;\" aria-hidden=\"true\"><\/i><\/a><\/span><span><a href=\"mailto:?subject=Zine%20Talks&amp;body=https%3A%2F%2Ffanzine.pt%2Fen%2F2024%2F06%2F24%2Fzine-talks%2F\" target=\"_self\" title=\"Email\" aria-label=\"Email\"><i class=\"fusion-social-network-icon fusion-tooltip fusion-mail awb-icon-mail\" style=\"color:#727272;\" aria-hidden=\"true\"><\/i><\/a><\/span><\/div><\/div>\n<div class=\"fusion-text fusion-text-2\" style=\"--awb-text-transform:none;--awb-margin-top:50px;\"><p>Zine Talks is a series of 4 conversations about fanzines and alternative publishing, integrated into Zine City \u2013 Independent Publishing and Fanzine Gathering 2024.<\/p>\n<p>These events were part of the cultural program of the 48th Aveiro Book Fair in 2024, responding to a segment of the population interested in alternative cultures within literature, visual poetry, visual arts, photography, design, and comics. <\/p>\n<p>Zine Talks brought to the space of Mercado Jos\u00e9 Est\u00eav\u00e3o several prominent figures from the informal alternative publishing scene.<\/p>\n<p>This series illustrates the current landscape of independent publishing in Portugal. The guests spoke about their projects as drivers of various creative sectors and the attitudes they represent, most of which serve as platforms for the production and dissemination of work by a wide range of authors \u2014 both emerging and established. <\/p>\n<p>The line-up was as follows:<\/p>\n<ul>\n<li>June 24 (Monday)<br \/>\nFlanzine \u2013 A pudding-shaped magazine<br \/>\nWith: Jo\u00e3o Pedro Azul<\/li>\n<\/ul>\n<ul>\n<li>June 25 (Tuesday)<br \/>\nUmBU \u2013 Book-experience, A bit of book, A lot of experience<br \/>\nWith: Joana Neves and Jos\u00e9 Macedo (Coletivo BU)<\/li>\n<\/ul>\n<ul>\n<li>June 26 (Wednesday)<br \/>\nPortuguese Network of Specialized Libraries<br \/>\nWith: Fernando Ferreira, J\u00falio Moreira, M\u00e1rio Andr\u00e9, Miguel Correia, and Rui Gaspar<br \/>\nModerator: Tito Couto<\/li>\n<\/ul>\n<ul>\n<li>June 27 (Thursday)<br \/>\nVenham+5<br \/>\nWith: Paulo Monteiro<\/li>\n<\/ul>\n<\/div><div class=\"fusion-separator fusion-full-width-sep\" style=\"align-self: center;margin-left: auto;margin-right: auto;margin-top:6%;margin-bottom:6%;width:100%;\"><div class=\"fusion-separator-border sep-double sep-solid\" style=\"--awb-height:20px;--awb-amount:20px;border-color:var(--awb-color3);border-top-width:1px;border-bottom-width:1px;\"><\/div><\/div><\/div><\/div><div class=\"fusion-layout-column fusion_builder_column fusion-builder-column-1 fusion_builder_column_2_3 2_3 fusion-flex-column\" style=\"--awb-bg-size:cover;--awb-width-large:66.666666666667%;--awb-margin-top-large:0px;--awb-spacing-right-large:0px;--awb-margin-bottom-large:20px;--awb-spacing-left-large:0px;--awb-width-medium:66.666666666667%;--awb-order-medium:0;--awb-spacing-right-medium:0px;--awb-spacing-left-medium:0px;--awb-width-small:100%;--awb-order-small:0;--awb-spacing-right-small:0px;--awb-spacing-left-small:0px;\" data-scroll-devices=\"small-visibility,medium-visibility,large-visibility\"><div class=\"fusion-column-wrapper fusion-column-has-shadow fusion-flex-justify-content-flex-start fusion-content-layout-column\"><div class=\"fusion-separator fusion-full-width-sep\" style=\"align-self: center;margin-left: auto;margin-right: auto;margin-top:10px;margin-bottom:10px;width:100%;\"><\/div><div style=\"text-align:center;\"><a class=\"fusion-button button-flat fusion-button-default-size button-default fusion-button-default button-1 fusion-button-default-span fusion-button-default-type\" target=\"_self\" href=\"https:\/\/fanzine.pt\/en\/portfolio-items\/zine-talks-series-of-talks-on-fanzines-and-alternative-publishing\/\"><span class=\"fusion-button-text awb-button__text awb-button__text--default\">See all the details<\/span><\/a><\/div><\/div><\/div><\/div><\/div>\n","protected":false},"excerpt":{"rendered":"<p>Zine Talks is a series of 4 conversations about fanzines and alternative publishing, integrated into Zine City \u2013 Independent Publishing and Fanzine Gathering 2024.<\/p>\n","protected":false},"author":1,"featured_media":7454,"comment_status":"closed","ping_status":"closed","sticky":false,"template":"","format":"standard","meta":{"footnotes":""},"categories":[1],"tags":[],"class_list":["post-8006","post","type-post","status-publish","format-standard","has-post-thumbnail","hentry","category-sem-categoria"],"_links":{"self":[{"href":"https:\/\/fanzine.pt\/en\/wp-json\/wp\/v2\/posts\/8006","targetHints":{"allow":["GET"]}}],"collection":[{"href":"https:\/\/fanzine.pt\/en\/wp-json\/wp\/v2\/posts"}],"about":[{"href":"https:\/\/fanzine.pt\/en\/wp-json\/wp\/v2\/types\/post"}],"author":[{"embeddable":true,"href":"https:\/\/fanzine.pt\/en\/wp-json\/wp\/v2\/users\/1"}],"replies":[{"embeddable":true,"href":"https:\/\/fanzine.pt\/en\/wp-json\/wp\/v2\/comments?post=8006"}],"version-history":[{"count":2,"href":"https:\/\/fanzine.pt\/en\/wp-json\/wp\/v2\/posts\/8006\/revisions"}],"predecessor-version":[{"id":8008,"href":"https:\/\/fanzine.pt\/en\/wp-json\/wp\/v2\/posts\/8006\/revisions\/8008"}],"wp:featuredmedia":[{"embeddable":true,"href":"https:\/\/fanzine.pt\/en\/wp-json\/wp\/v2\/media\/7454"}],"wp:attachment":[{"href":"https:\/\/fanzine.pt\/en\/wp-json\/wp\/v2\/media?parent=8006"}],"wp:term":[{"taxonomy":"category","embeddable":true,"href":"https:\/\/fanzine.pt\/en\/wp-json\/wp\/v2\/categories?post=8006"},{"taxonomy":"post_tag","embeddable":true,"href":"https:\/\/fanzine.pt\/en\/wp-json\/wp\/v2\/tags?post=8006"}],"curies":[{"name":"wp","href":"https:\/\/api.w.org\/{rel}","templated":true}]}}