{"id":7935,"date":"2021-05-28T16:19:41","date_gmt":"2021-05-28T16:19:41","guid":{"rendered":"https:\/\/fanzine.pt\/2021\/05\/28\/45th-aveiro-book-fair\/"},"modified":"2025-05-25T20:15:58","modified_gmt":"2025-05-25T20:15:58","slug":"45th-aveiro-book-fair","status":"publish","type":"post","link":"https:\/\/fanzine.pt\/en\/2021\/05\/28\/45th-aveiro-book-fair\/","title":{"rendered":"45th Aveiro Book Fair"},"content":{"rendered":"<div class=\"fusion-fullwidth fullwidth-box fusion-builder-row-1 fusion-flex-container nonhundred-percent-fullwidth non-hundred-percent-height-scrolling\" style=\"--awb-border-radius-top-left:0px;--awb-border-radius-top-right:0px;--awb-border-radius-bottom-right:0px;--awb-border-radius-bottom-left:0px;--awb-padding-top:4%;--awb-padding-bottom:4%;--awb-margin-top:-100px;--awb-background-color:var(--awb-color1);--awb-flex-wrap:wrap;\" ><div class=\"fusion-builder-row fusion-row fusion-flex-align-items-flex-start fusion-flex-justify-content-center fusion-flex-content-wrap\" style=\"max-width:calc( 1200px + 0px );margin-left: calc(-0px \/ 2 );margin-right: calc(-0px \/ 2 );\"><div class=\"fusion-layout-column fusion_builder_column fusion-builder-column-0 fusion_builder_column_2_3 2_3 fusion-flex-column\" style=\"--awb-padding-top:0px;--awb-padding-right:0px;--awb-padding-bottom:0px;--awb-padding-left:0px;--awb-bg-size:cover;--awb-width-large:66.666666666667%;--awb-margin-top-large:0px;--awb-spacing-right-large:0px;--awb-margin-bottom-large:20px;--awb-spacing-left-large:0px;--awb-width-medium:66.666666666667%;--awb-order-medium:0;--awb-spacing-right-medium:0px;--awb-spacing-left-medium:0px;--awb-width-small:100%;--awb-order-small:0;--awb-spacing-right-small:0px;--awb-spacing-left-small:0px;\"><div class=\"fusion-column-wrapper fusion-column-has-shadow fusion-flex-justify-content-flex-start fusion-content-layout-column\"><div class=\"fusion-title title fusion-title-1 fusion-sep-none fusion-title-center fusion-title-text fusion-title-size-one\"><h1 class=\"fusion-title-heading title-heading-center\" style=\"margin:0;text-transform:uppercase;\">45th Aveiro Book Fair<\/h1><\/div><div class=\"fusion-text fusion-text-1\" style=\"--awb-content-alignment:center;--awb-font-size:var(--awb-typography2-font-size);--awb-line-height:var(--awb-typography2-line-height);--awb-letter-spacing:var(--awb-typography2-letter-spacing);--awb-text-transform:var(--awb-typography2-text-transform);--awb-text-font-family:var(--awb-typography2-font-family);--awb-text-font-weight:var(--awb-typography2-font-weight);--awb-text-font-style:var(--awb-typography2-font-style);\"><p><strong>Date:<\/strong> May 28 to June 13, 2021<\/p>\n<\/div><div class=\"fusion-separator\" style=\"align-self: center;margin-left: auto;margin-right: auto;margin-top:0px;margin-bottom:20px;width:100%;max-width:32px;\"><div class=\"fusion-separator-border sep-single sep-solid\" style=\"--awb-height:20px;--awb-amount:20px;--awb-sep-color:var(--awb-color8);border-color:var(--awb-color8);border-top-width:2px;\"><\/div><\/div><div class=\"fusion-image-element \" style=\"text-align:center;--awb-margin-bottom:0px;--awb-caption-title-font-family:var(--h2_typography-font-family);--awb-caption-title-font-weight:var(--h2_typography-font-weight);--awb-caption-title-font-style:var(--h2_typography-font-style);--awb-caption-title-size:var(--h2_typography-font-size);--awb-caption-title-transform:var(--h2_typography-text-transform);--awb-caption-title-line-height:var(--h2_typography-line-height);--awb-caption-title-letter-spacing:var(--h2_typography-letter-spacing);\"><span class=\" fusion-imageframe imageframe-none imageframe-1 hover-type-none\"><img decoding=\"async\" width=\"1200\" height=\"630\" title=\"feira-do-livro-2021-1\" src=\"https:\/\/fanzine.pt\/wp-content\/uploads\/2021\/05\/feira-do-livro-2021-1.jpg\" alt class=\"img-responsive wp-image-6547\" srcset=\"https:\/\/fanzine.pt\/wp-content\/uploads\/2021\/05\/feira-do-livro-2021-1-200x105.jpg 200w, https:\/\/fanzine.pt\/wp-content\/uploads\/2021\/05\/feira-do-livro-2021-1-400x210.jpg 400w, https:\/\/fanzine.pt\/wp-content\/uploads\/2021\/05\/feira-do-livro-2021-1-600x315.jpg 600w, https:\/\/fanzine.pt\/wp-content\/uploads\/2021\/05\/feira-do-livro-2021-1-800x420.jpg 800w, https:\/\/fanzine.pt\/wp-content\/uploads\/2021\/05\/feira-do-livro-2021-1.jpg 1200w\" sizes=\"(max-width: 640px) 100vw, 1200px\" \/><\/span><\/div><div class=\"fusion-sharing-box fusion-sharing-box-1 has-taglines layout-floated layout-medium-floated layout-small-stacked\" style=\"background-color:var(--awb-color2);border-color:#cccccc;--awb-margin-top:0px;--awb-separator-border-color:#cccccc;--awb-separator-border-sizes:0px;--awb-layout:row;--awb-alignment-small:space-between;--awb-stacked-align-small:center;\" data-title=\"45th Aveiro Book Fair\" data-description=\"Fanzine Fotocromia \r\n\r\nDate: May 28 to June 13, 2021  The Aveiro Book Fair, which will celebrate its 45th edition this year, will take place in a new venue: the surroundings of ATLAS Aveiro. The inauguration is scheduled for 6:00 PM on May 28, and the fair will be open Monday to Thursday from\" data-link=\"https:\/\/fanzine.pt\/en\/2021\/05\/28\/45th-aveiro-book-fair\/\"><h4 class=\"tagline\" style=\"color:#727272;\">Share this news<\/h4><div class=\"fusion-social-networks sharingbox-shortcode-icon-wrapper sharingbox-shortcode-icon-wrapper-1\"><span><a href=\"https:\/\/www.facebook.com\/sharer.php?u=https%3A%2F%2Ffanzine.pt%2Fen%2F2021%2F05%2F28%2F45th-aveiro-book-fair%2F&amp;t=45th%20Aveiro%20Book%20Fair\" target=\"_blank\" rel=\"noreferrer\" title=\"Facebook\" aria-label=\"Facebook\"><i class=\"fusion-social-network-icon fusion-tooltip fusion-facebook awb-icon-facebook\" style=\"color:#727272;\" aria-hidden=\"true\"><\/i><\/a><\/span><span><a href=\"https:\/\/x.com\/intent\/post?text=45th%20Aveiro%20Book%20Fair&amp;url=https%3A%2F%2Ffanzine.pt%2Fen%2F2021%2F05%2F28%2F45th-aveiro-book-fair%2F\" target=\"_blank\" rel=\"noopener noreferrer\" title=\"X\" aria-label=\"X\"><i class=\"fusion-social-network-icon fusion-tooltip fusion-twitter awb-icon-twitter\" style=\"color:#727272;\" aria-hidden=\"true\"><\/i><\/a><\/span><span><a href=\"https:\/\/www.linkedin.com\/shareArticle?mini=true&amp;url=https%3A%2F%2Ffanzine.pt%2Fen%2F2021%2F05%2F28%2F45th-aveiro-book-fair%2F&amp;title=45th%20Aveiro%20Book%20Fair&amp;summary=Fanzine%20Fotocromia%20%0D%0A%0D%0ADate%3A%20May%2028%20to%20June%2013%2C%202021%20%20%20The%20Aveiro%20Book%20Fair%2C%20which%20will%20celebrate%20its%2045th%20edition%20this%20year%2C%20will%20take%20place%20in%20a%20new%20venue%3A%20the%20surroundings%20of%20ATLAS%20Aveiro.%20The%20inauguration%20is%20scheduled%20for%206%3A00%20PM%20on%20May%2028%2C%20and%20the%20fair%20will%20be%20open%20Monday%20to%20Thursday%20from\" target=\"_blank\" rel=\"noopener noreferrer\" title=\"LinkedIn\" aria-label=\"LinkedIn\"><i class=\"fusion-social-network-icon fusion-tooltip fusion-linkedin awb-icon-linkedin\" style=\"color:#727272;\" aria-hidden=\"true\"><\/i><\/a><\/span><span><a href=\"https:\/\/api.whatsapp.com\/send?text=https%3A%2F%2Ffanzine.pt%2Fen%2F2021%2F05%2F28%2F45th-aveiro-book-fair%2F\" target=\"_blank\" rel=\"noopener noreferrer\" title=\"WhatsApp\" aria-label=\"WhatsApp\"><i class=\"fusion-social-network-icon fusion-tooltip fusion-whatsapp awb-icon-whatsapp\" style=\"color:#727272;\" aria-hidden=\"true\"><\/i><\/a><\/span><span><a href=\"https:\/\/t.me\/share\/url?url=https%3A%2F%2Ffanzine.pt%2Fen%2F2021%2F05%2F28%2F45th-aveiro-book-fair%2F&amp;text=45th%20Aveiro%20Book%20Fair\" target=\"_blank\" rel=\"noopener noreferrer\" title=\"Telegram\" aria-label=\"Telegram\"><i class=\"fusion-social-network-icon fusion-tooltip fusion-telegram awb-icon-telegram\" style=\"color:#727272;\" aria-hidden=\"true\"><\/i><\/a><\/span><span><a href=\"https:\/\/pinterest.com\/pin\/create\/button\/?url=https%3A%2F%2Ffanzine.pt%2Fen%2F2021%2F05%2F28%2F45th-aveiro-book-fair%2F&amp;description=Fanzine%20Fotocromia%20%0D%0A%0D%0ADate%3A%20May%2028%20to%20June%2013%2C%202021%20%20%20The%20Aveiro%20Book%20Fair%2C%20which%20will%20celebrate%20its%2045th%20edition%20this%20year%2C%20will%20take%20place%20in%20a%20new%20venue%3A%20the%20surroundings%20of%20ATLAS%20Aveiro.%20The%20inauguration%20is%20scheduled%20for%206%3A00%20PM%20on%20May%2028%2C%20and%20the%20fair%20will%20be%20open%20Monday%20to%20Thursday%20from&amp;media=\" target=\"_blank\" rel=\"noopener noreferrer\" title=\"Pinterest\" aria-label=\"Pinterest\"><i class=\"fusion-social-network-icon fusion-tooltip fusion-pinterest awb-icon-pinterest\" style=\"color:#727272;\" aria-hidden=\"true\"><\/i><\/a><\/span><span><a href=\"mailto:?subject=45th%20Aveiro%20Book%20Fair&amp;body=https%3A%2F%2Ffanzine.pt%2Fen%2F2021%2F05%2F28%2F45th-aveiro-book-fair%2F\" target=\"_self\" title=\"Email\" aria-label=\"Email\"><i class=\"fusion-social-network-icon fusion-tooltip fusion-mail awb-icon-mail\" style=\"color:#727272;\" aria-hidden=\"true\"><\/i><\/a><\/span><\/div><\/div><div class=\"fusion-text fusion-text-2\" style=\"--awb-text-transform:none;--awb-margin-top:40px;\"><p>The Aveiro Book Fair, which will celebrate its 45th edition this year, will take place in a new venue: the surroundings of ATLAS Aveiro. The inauguration is scheduled for 6:00 PM on May 28, and the fair will be open Monday to Thursday from 3:00 PM to 8:00 PM, Fridays from 3:00 PM to 10:30 PM, Saturdays and holidays from 10:00 AM to 10:30 PM, and Sundays from 10:00 AM to 8:00 PM. <\/p>\n<p>Highlighting theater as a literary genre, in tribute to the 140th anniversary of Teatro Aveirense, this edition of the Book Fair will open with the presentation of a monologue by Sara Barros Leit\u00e3o, \u201cProclama\u00e7\u00e3o da exist\u00eancia\u201d (\u201cProclamation of Existence\u201d), followed by a conversation between the actress and Jos\u00e9 Pina, director of Teatro Aveirense, who will discuss theater-related topics.<\/p>\n<p>\u201cWith a program consisting of book launches, talks with authors, gatherings, and themed days, the Aveiro City Hall aims to hold a nationally recognized literary event in the Aveiro region. The event, one of the \u2018major events\u2019 in the city post-lockdown, includes a contingency plan and many preventive and safety measures, with all activities having limited capacity and mandatory registration,\u201d the municipality stated in a press release.<\/p>\n<p>The program also includes the participation of several national authors, many prominent and well-known figures, as well as authors from the city and region of Aveiro. It features a rich schedule of music and theater events, with special emphasis on themed days, including Poetry Day, Aveiro Author Day, Children\u2019s Book Day, and Health and Nutrition Day.<\/p>\n<p>The event also offers a diverse cultural animation program, with activities for all tastes and ages. Many musical moments will be performed by local agents, reflecting a clear commitment to supporting the local cultural sector. <\/p>\n<p>In the following video, we can see the welcome speech by Miguel Correia, responsible for the Zine City stand.<\/p>\n<\/div><div class=\"fusion-image-element \" style=\"text-align:center;--awb-margin-bottom:0px;--awb-caption-title-font-family:var(--h2_typography-font-family);--awb-caption-title-font-weight:var(--h2_typography-font-weight);--awb-caption-title-font-style:var(--h2_typography-font-style);--awb-caption-title-size:var(--h2_typography-font-size);--awb-caption-title-transform:var(--h2_typography-text-transform);--awb-caption-title-line-height:var(--h2_typography-line-height);--awb-caption-title-letter-spacing:var(--h2_typography-letter-spacing);\"><span class=\" fusion-imageframe imageframe-none imageframe-2 hover-type-none\"><a class=\"fusion-no-lightbox\" href=\"https:\/\/www.facebook.com\/feiradolivrodeaveiro\/videos\/1056019588669759\/\" target=\"_blank\" aria-label=\"thumvideomiguel\" rel=\"noopener noreferrer\"><img decoding=\"async\" width=\"542\" height=\"329\" src=\"https:\/\/fanzine.pt\/wp-content\/uploads\/2023\/08\/thumvideomiguel.jpg\" alt class=\"img-responsive wp-image-6546\" srcset=\"https:\/\/fanzine.pt\/wp-content\/uploads\/2023\/08\/thumvideomiguel-200x121.jpg 200w, https:\/\/fanzine.pt\/wp-content\/uploads\/2023\/08\/thumvideomiguel-400x243.jpg 400w, https:\/\/fanzine.pt\/wp-content\/uploads\/2023\/08\/thumvideomiguel.jpg 542w\" sizes=\"(max-width: 640px) 100vw, 542px\" \/><\/a><\/span><\/div><\/div><\/div><\/div><\/div>\n","protected":false},"excerpt":{"rendered":"<p>The Aveiro Book Fair, celebrating its 45th edition this year, will take place&#8230;<\/p>\n","protected":false},"author":1,"featured_media":6545,"comment_status":"open","ping_status":"open","sticky":false,"template":"","format":"standard","meta":{"footnotes":""},"categories":[1],"tags":[],"class_list":["post-7935","post","type-post","status-publish","format-standard","has-post-thumbnail","hentry","category-sem-categoria"],"_links":{"self":[{"href":"https:\/\/fanzine.pt\/en\/wp-json\/wp\/v2\/posts\/7935","targetHints":{"allow":["GET"]}}],"collection":[{"href":"https:\/\/fanzine.pt\/en\/wp-json\/wp\/v2\/posts"}],"about":[{"href":"https:\/\/fanzine.pt\/en\/wp-json\/wp\/v2\/types\/post"}],"author":[{"embeddable":true,"href":"https:\/\/fanzine.pt\/en\/wp-json\/wp\/v2\/users\/1"}],"replies":[{"embeddable":true,"href":"https:\/\/fanzine.pt\/en\/wp-json\/wp\/v2\/comments?post=7935"}],"version-history":[{"count":2,"href":"https:\/\/fanzine.pt\/en\/wp-json\/wp\/v2\/posts\/7935\/revisions"}],"predecessor-version":[{"id":7937,"href":"https:\/\/fanzine.pt\/en\/wp-json\/wp\/v2\/posts\/7935\/revisions\/7937"}],"wp:featuredmedia":[{"embeddable":true,"href":"https:\/\/fanzine.pt\/en\/wp-json\/wp\/v2\/media\/6545"}],"wp:attachment":[{"href":"https:\/\/fanzine.pt\/en\/wp-json\/wp\/v2\/media?parent=7935"}],"wp:term":[{"taxonomy":"category","embeddable":true,"href":"https:\/\/fanzine.pt\/en\/wp-json\/wp\/v2\/categories?post=7935"},{"taxonomy":"post_tag","embeddable":true,"href":"https:\/\/fanzine.pt\/en\/wp-json\/wp\/v2\/tags?post=7935"}],"curies":[{"name":"wp","href":"https:\/\/api.w.org\/{rel}","templated":true}]}}